{"id":927,"date":"2024-09-04T22:42:32","date_gmt":"2024-09-04T20:42:32","guid":{"rendered":"https:\/\/www.maisse-sebastien.fr\/?p=927"},"modified":"2024-11-03T19:26:15","modified_gmt":"2024-11-03T17:26:15","slug":"liberer-paul-watson-free-paul-watson","status":"publish","type":"post","link":"https:\/\/www.maisse-sebastien.fr\/index.php\/liberer-paul-watson-free-paul-watson\/","title":{"rendered":"Lib\u00e9rer Paul Watson \/ Free Paul Watson"},"content":{"rendered":"\n<figure class=\"wp-block-image size-full\"><a href=\"https:\/\/www.maisse-sebastien.fr\/wp-content\/uploads\/2024\/09\/240725-FreePaulWatson-visuel-400x250-1-980x612-1.jpg\"><img loading=\"lazy\" decoding=\"async\" width=\"980\" height=\"612\" src=\"https:\/\/www.maisse-sebastien.fr\/wp-content\/uploads\/2024\/09\/240725-FreePaulWatson-visuel-400x250-1-980x612-1.jpg\" alt=\"Free Paul Watson - Cr\u00e9dit photo : Mikael Vojinovic\" class=\"wp-image-929\" srcset=\"https:\/\/www.maisse-sebastien.fr\/wp-content\/uploads\/2024\/09\/240725-FreePaulWatson-visuel-400x250-1-980x612-1.jpg 980w, https:\/\/www.maisse-sebastien.fr\/wp-content\/uploads\/2024\/09\/240725-FreePaulWatson-visuel-400x250-1-980x612-1-300x187.jpg 300w, https:\/\/www.maisse-sebastien.fr\/wp-content\/uploads\/2024\/09\/240725-FreePaulWatson-visuel-400x250-1-980x612-1-768x480.jpg 768w, https:\/\/www.maisse-sebastien.fr\/wp-content\/uploads\/2024\/09\/240725-FreePaulWatson-visuel-400x250-1-980x612-1-480x300.jpg 480w\" sizes=\"auto, (max-width: 980px) 100vw, 980px\" \/><\/a><figcaption class=\"wp-element-caption\">Cr\u00e9dit photo : <a href=\"https:\/\/www.instagram.com\/mikaelvojinovic\/\" data-type=\"link\" data-id=\"https:\/\/www.instagram.com\/mikaelvojinovic\/\">Mikael Vojinovic<\/a><\/figcaption><\/figure>\n\n\n\n<p>Comme vous avez pu le voir ces derni\u00e8res semaines, le fondateur de l&rsquo;<strong>ONG<\/strong> <strong>Sea Shepherd<\/strong> <strong><a href=\"https:\/\/fr.wikipedia.org\/wiki\/Paul_Watson\">Paul Watson<\/a><\/strong> a \u00e9t\u00e9 arr\u00eat\u00e9 le dimanche 21 juillet 2024 \u00e0 Nuuk (la capitale du Groenland) par la police danoise. Il est actuellement en d\u00e9tention au Groenland suite \u00e0 une notice rouge lanc\u00e9 par le Japon qui souhaite le voir extrader vers ce pays pour des faits qui lui sont reprocher datant de 2010.<\/p>\n\n\n\n<p>Le Japon accuse Paul Watson d\u2019avoir bless\u00e9 un marin japonais en lan\u00e7ant <a href=\"https:\/\/fr.wikipedia.org\/wiki\/Boule_puante\" data-type=\"link\" data-id=\"https:\/\/fr.wikipedia.org\/wiki\/Boule_puante\">une boule puante<\/a> (de l\u2019acide butyrique, dans le cas pr\u00e9sent, du beurre rance) pour entraver le travail des baleiniers qui chasse les baleines de mani\u00e8re ill\u00e9gale depuis des ann\u00e9es. Cependant, les avocats de Paul Watson affirment que les preuves vid\u00e9o montrent que le marin en question n\u2019\u00e9tait pas pr\u00e9sent lors de l\u2019incident.  <\/p>\n\n\n\n<p>Sa d\u00e9tention a \u00e9t\u00e9 prolong\u00e9e de 28 jours par un juge du Groenland, et une audience d\u2019appel est pr\u00e9vue pour le <a href=\"https:\/\/seashepherd.fr\/affaire-paul-watson-le-juge-groenlandais-decide-de-prolonger-la-detention\/\">2 octobre 2024<\/a>. En parall\u00e8le, la diplomatie fran\u00e7aise s\u2019active pour emp\u00eacher son extradition vers le Japon.<\/p>\n\n\n\n<figure class=\"wp-block-embed is-type-video is-provider-youtube wp-block-embed-youtube wp-embed-aspect-16-9 wp-has-aspect-ratio\"><div class=\"wp-block-embed__wrapper\">\n<iframe loading=\"lazy\" title=\"Affaire Paul Watson : le juge groenlandais d\u00e9cide de prolonger la d\u00e9tention jusqu&#039;au 2 octobre\" width=\"584\" height=\"329\" src=\"https:\/\/www.youtube.com\/embed\/SGNnZ5OrfMM?start=23&#038;feature=oembed\" frameborder=\"0\" allow=\"accelerometer; autoplay; clipboard-write; encrypted-media; gyroscope; picture-in-picture; web-share\" referrerpolicy=\"strict-origin-when-cross-origin\" allowfullscreen><\/iframe>\n<\/div><figcaption class=\"wp-element-caption\">Affaire Paul Watson : le juge groenlandais d\u00e9cide de prolonger la d\u00e9tention jusqu&rsquo;au 2 octobre<\/figcaption><\/figure>\n\n\n\n<p>Il y a 1 mois, <a href=\"https:\/\/www.youtube.com\/@arte\" data-type=\"link\" data-id=\"https:\/\/www.youtube.com\/@arte\">Arte <\/a>diffus\u00e9 sur sa cha\u00eene un documentaire sur Paul Watson :<\/p>\n\n\n\n<figure class=\"wp-block-embed is-type-video is-provider-youtube wp-block-embed-youtube wp-embed-aspect-16-9 wp-has-aspect-ratio\"><div class=\"wp-block-embed__wrapper\">\nhttps:\/\/youtu.be\/hDqlHbLUHuM?si=OLerVGZQfPDd2PMi\n<\/div><figcaption class=\"wp-element-caption\">Paul Watson &#8211; Une vie pour les oc\u00e9ans<\/figcaption><\/figure>\n\n\n\n<p>Un journaliste ind\u00e9pendant a r\u00e9aliser un reportage au premi\u00e8re heure de l&rsquo;arrestation de Paul Watson, \u00e0 voir sur la chaine de <a href=\"https:\/\/www.youtube.com\/@VakitaMedia\" data-type=\"link\" data-id=\"https:\/\/www.youtube.com\/@VakitaMedia\">Vatika<\/a>:<\/p>\n\n\n\n<figure class=\"wp-block-embed is-type-video is-provider-youtube wp-block-embed-youtube wp-embed-aspect-16-9 wp-has-aspect-ratio\"><div class=\"wp-block-embed__wrapper\">\n<iframe loading=\"lazy\" title=\"#FREEPAULWATSON : le documentaire au plus pr\u00e8s du capitaine\" width=\"584\" height=\"329\" src=\"https:\/\/www.youtube.com\/embed\/vnDSY-Dm95w?feature=oembed\" frameborder=\"0\" allow=\"accelerometer; autoplay; clipboard-write; encrypted-media; gyroscope; picture-in-picture; web-share\" referrerpolicy=\"strict-origin-when-cross-origin\" allowfullscreen><\/iframe>\n<\/div><figcaption class=\"wp-element-caption\">Le documentaire au plus pr\u00e8s du capitaine<\/figcaption><\/figure>\n\n\n\n<p>Vous pouvez soutenir soit en faisant <a href=\"https:\/\/seashepherd.fr\/faire-un-don\/\" data-type=\"link\" data-id=\"https:\/\/seashepherd.fr\/faire-un-don\/\">un don sur le site de Seah Shepherd France<\/a> soit en commandant <a href=\"https:\/\/seashepherd-shop.com\/\">un article dans la boutique<\/a>, ce que j&rsquo;ai fait en commandant un des livres de Paul Watson ainsi qu&rsquo;un tee-shirt <strong>#FreePaulWatson<\/strong>.<\/p>\n\n\n\n<p><a href=\"https:\/\/www.youtube.com\/@SeaShepherdFranceOfficiel\">Retrouver les derni\u00e8res nouvelles sur la chaine de Sea Shepherd France<\/a><\/p>\n\n\n\n<p><a href=\"https:\/\/seashepherd.fr\/petitions\/petition\/10\/\" data-type=\"link\" data-id=\"https:\/\/seashepherd.fr\/petitions\/petition\/10\/\">Lien de la p\u00e9tition qui est disponible sur le site de Sea Shepherd France <\/a><\/p>\n\n\n\n<p><a href=\"https:\/\/seashepherd.fr\/\" data-type=\"link\" data-id=\"https:\/\/seashepherd.fr\/\">Site officiel de Sea Shepherd France<\/a><\/p>\n\n\n\n<p><a href=\"https:\/\/www.paulwatsonfoundation.org\/\" data-type=\"link\" data-id=\"https:\/\/www.paulwatsonfoundation.org\/\">L&rsquo;ONG qu&rsquo;avait cr\u00e9er \u00e9galement Paul Watson<\/a><\/p>\n\n\n\n<p><a href=\"https:\/\/www.paulwatsonfoundation.org\/freepaulwatson\/\">Lien de la p\u00e9tition qui est disponible sur le site du Captain Paul Watson<\/a><\/p>\n\n\n\n<figure class=\"wp-block-image size-full\"><a href=\"https:\/\/www.maisse-sebastien.fr\/wp-content\/uploads\/2024\/09\/14.jpg\"><img loading=\"lazy\" decoding=\"async\" width=\"600\" height=\"618\" src=\"https:\/\/www.maisse-sebastien.fr\/wp-content\/uploads\/2024\/09\/14.jpg\" alt=\"Free Paul Watson\" class=\"wp-image-932\" srcset=\"https:\/\/www.maisse-sebastien.fr\/wp-content\/uploads\/2024\/09\/14.jpg 600w, https:\/\/www.maisse-sebastien.fr\/wp-content\/uploads\/2024\/09\/14-291x300.jpg 291w\" sizes=\"auto, (max-width: 600px) 100vw, 600px\" \/><\/a><\/figure>\n","protected":false},"excerpt":{"rendered":"<p>Comme vous avez pu le voir ces derni\u00e8res semaines, le fondateur de l&rsquo;ONG Sea Shepherd Paul Watson a \u00e9t\u00e9 arr\u00eat\u00e9 le dimanche 21 juillet 2024 \u00e0 Nuuk (la capitale du Groenland) par la police danoise. Il est actuellement en d\u00e9tention &hellip; <a href=\"https:\/\/www.maisse-sebastien.fr\/index.php\/liberer-paul-watson-free-paul-watson\/\">Continuer la lecture <span class=\"meta-nav\">&rarr;<\/span><\/a><\/p>\n","protected":false},"author":1,"featured_media":933,"comment_status":"open","ping_status":"open","sticky":false,"template":"","format":"standard","meta":{"ngg_post_thumbnail":0,"two_page_speed":[],"footnotes":""},"categories":[215],"tags":[411,415,144,416,413,414,410,409,412,408,405,406],"class_list":["post-927","post","type-post","status-publish","format-standard","has-post-thumbnail","hentry","category-nouvelles","tag-detention","tag-extradition","tag-free","tag-freepaulwatson","tag-groenland","tag-japan","tag-japon","tag-liberation","tag-nuuk","tag-ocean","tag-paul-watson","tag-sea-shepherd"],"_links":{"self":[{"href":"https:\/\/www.maisse-sebastien.fr\/index.php\/wp-json\/wp\/v2\/posts\/927","targetHints":{"allow":["GET"]}}],"collection":[{"href":"https:\/\/www.maisse-sebastien.fr\/index.php\/wp-json\/wp\/v2\/posts"}],"about":[{"href":"https:\/\/www.maisse-sebastien.fr\/index.php\/wp-json\/wp\/v2\/types\/post"}],"author":[{"embeddable":true,"href":"https:\/\/www.maisse-sebastien.fr\/index.php\/wp-json\/wp\/v2\/users\/1"}],"replies":[{"embeddable":true,"href":"https:\/\/www.maisse-sebastien.fr\/index.php\/wp-json\/wp\/v2\/comments?post=927"}],"version-history":[{"count":7,"href":"https:\/\/www.maisse-sebastien.fr\/index.php\/wp-json\/wp\/v2\/posts\/927\/revisions"}],"predecessor-version":[{"id":940,"href":"https:\/\/www.maisse-sebastien.fr\/index.php\/wp-json\/wp\/v2\/posts\/927\/revisions\/940"}],"wp:featuredmedia":[{"embeddable":true,"href":"https:\/\/www.maisse-sebastien.fr\/index.php\/wp-json\/wp\/v2\/media\/933"}],"wp:attachment":[{"href":"https:\/\/www.maisse-sebastien.fr\/index.php\/wp-json\/wp\/v2\/media?parent=927"}],"wp:term":[{"taxonomy":"category","embeddable":true,"href":"https:\/\/www.maisse-sebastien.fr\/index.php\/wp-json\/wp\/v2\/categories?post=927"},{"taxonomy":"post_tag","embeddable":true,"href":"https:\/\/www.maisse-sebastien.fr\/index.php\/wp-json\/wp\/v2\/tags?post=927"}],"curies":[{"name":"wp","href":"https:\/\/api.w.org\/{rel}","templated":true}]}}