{"id":763,"date":"2022-01-10T18:09:00","date_gmt":"2022-01-10T16:09:00","guid":{"rendered":"https:\/\/www.maisse-sebastien.fr\/?p=763"},"modified":"2022-01-09T02:03:29","modified_gmt":"2022-01-09T00:03:29","slug":"podcast-ces-2022","status":"publish","type":"post","link":"https:\/\/www.maisse-sebastien.fr\/index.php\/podcast-ces-2022\/","title":{"rendered":"Podcast : CES 2022"},"content":{"rendered":"\n<p>Voici 2 podcasteurs que j&rsquo;ai l&rsquo;habitude d&rsquo;\u00e9couter chaque semaine .<\/p>\n\n\n\n<p>J\u00e9r\u00f4me Colombain de <a rel=\"noreferrer noopener\" href=\"https:\/\/www.mondenumerique.info\" data-type=\"URL\" data-id=\"https:\/\/www.mondenumerique.info\" target=\"_blank\">Monde Num\u00e9rique<\/a> et Bruno Guglielminetti de <a rel=\"noreferrer noopener\" href=\"https:\/\/moncarnet.blog\" data-type=\"URL\" data-id=\"https:\/\/moncarnet.blog\" target=\"_blank\">Mon Carnet<\/a> s&rsquo;est rendus au <a rel=\"noreferrer noopener\" href=\"https:\/\/www.ces.tech\/\" data-type=\"URL\" data-id=\"https:\/\/www.ces.tech\/\" target=\"_blank\">CES 2022<\/a> \u00e0 <a rel=\"noreferrer noopener\" href=\"https:\/\/fr.wikipedia.org\/wiki\/Las_Vegas\" data-type=\"URL\" data-id=\"https:\/\/fr.wikipedia.org\/wiki\/Las_Vegas\" target=\"_blank\">Las Vegas <\/a>qui s&rsquo;est tenu du 5 au 8 janvier 2022.<\/p>\n\n\n\n<p>Voici les 2 liens pour \u00e9couter leurs podcasts :<\/p>\n\n\n\n<p><a href=\"https:\/\/www.mondenumerique.info\/le-meilleur-du-ces-de-las-vegas-2022-30\/\">https:\/\/www.mondenumerique.info\/le-meilleur-du-ces-de-las-vegas-2022-30\/<\/a><\/p>\n\n\n\n<figure class=\"wp-block-embed is-type-link is-provider-moncarnet wp-block-embed-moncarnet\"><div class=\"wp-block-embed__wrapper\">\n<blockquote class=\"wp-embedded-content\" data-secret=\"ylRXvFXbok\"><a href=\"https:\/\/moncarnet.blog\/2022\/01\/07\/mon-carnet-du-7-janvier-2022-ces-2022\/\">Mon Carnet du 7 janvier 2022 &#8211; CES 2022<\/a><\/blockquote><iframe loading=\"lazy\" class=\"wp-embedded-content\" sandbox=\"allow-scripts\" security=\"restricted\" style=\"position: absolute; clip: rect(1px, 1px, 1px, 1px);\" title=\"\u00ab\u00a0Mon Carnet du 7 janvier 2022 &#8211; CES 2022\u00a0\u00bb &#8212; #MonCarnet\" src=\"https:\/\/moncarnet.blog\/2022\/01\/07\/mon-carnet-du-7-janvier-2022-ces-2022\/embed\/#?secret=9ftXzqZzsC#?secret=ylRXvFXbok\" data-secret=\"ylRXvFXbok\" width=\"584\" height=\"329\" frameborder=\"0\" marginwidth=\"0\" marginheight=\"0\" scrolling=\"no\"><\/iframe>\n<\/div><\/figure>\n","protected":false},"excerpt":{"rendered":"<p>Voici 2 podcasteurs que j&rsquo;ai l&rsquo;habitude d&rsquo;\u00e9couter chaque semaine . J\u00e9r\u00f4me Colombain de Monde Num\u00e9rique et Bruno Guglielminetti de Mon Carnet s&rsquo;est rendus au CES 2022 \u00e0 Las Vegas qui s&rsquo;est tenu du 5 au 8 janvier 2022. Voici les &hellip; <a href=\"https:\/\/www.maisse-sebastien.fr\/index.php\/podcast-ces-2022\/\">Continuer la lecture <span class=\"meta-nav\">&rarr;<\/span><\/a><\/p>\n","protected":false},"author":1,"featured_media":0,"comment_status":"open","ping_status":"open","sticky":false,"template":"","format":"standard","meta":{"ngg_post_thumbnail":0,"two_page_speed":[],"footnotes":""},"categories":[3],"tags":[352,347,351,348,350,349],"class_list":["post-763","post","type-post","status-publish","format-standard","hentry","category-informatique","tag-bruno-guglielminetti","tag-ces","tag-jerome-colombain","tag-las-vegas","tag-mon-carnet","tag-monde-numerique"],"_links":{"self":[{"href":"https:\/\/www.maisse-sebastien.fr\/index.php\/wp-json\/wp\/v2\/posts\/763","targetHints":{"allow":["GET"]}}],"collection":[{"href":"https:\/\/www.maisse-sebastien.fr\/index.php\/wp-json\/wp\/v2\/posts"}],"about":[{"href":"https:\/\/www.maisse-sebastien.fr\/index.php\/wp-json\/wp\/v2\/types\/post"}],"author":[{"embeddable":true,"href":"https:\/\/www.maisse-sebastien.fr\/index.php\/wp-json\/wp\/v2\/users\/1"}],"replies":[{"embeddable":true,"href":"https:\/\/www.maisse-sebastien.fr\/index.php\/wp-json\/wp\/v2\/comments?post=763"}],"version-history":[{"count":2,"href":"https:\/\/www.maisse-sebastien.fr\/index.php\/wp-json\/wp\/v2\/posts\/763\/revisions"}],"predecessor-version":[{"id":765,"href":"https:\/\/www.maisse-sebastien.fr\/index.php\/wp-json\/wp\/v2\/posts\/763\/revisions\/765"}],"wp:attachment":[{"href":"https:\/\/www.maisse-sebastien.fr\/index.php\/wp-json\/wp\/v2\/media?parent=763"}],"wp:term":[{"taxonomy":"category","embeddable":true,"href":"https:\/\/www.maisse-sebastien.fr\/index.php\/wp-json\/wp\/v2\/categories?post=763"},{"taxonomy":"post_tag","embeddable":true,"href":"https:\/\/www.maisse-sebastien.fr\/index.php\/wp-json\/wp\/v2\/tags?post=763"}],"curies":[{"name":"wp","href":"https:\/\/api.w.org\/{rel}","templated":true}]}}