{"id":567,"date":"2020-02-16T15:58:40","date_gmt":"2020-02-16T14:58:40","guid":{"rendered":"http:\/\/www.maisse-sebastien.fr\/?p=567"},"modified":"2020-02-16T16:00:08","modified_gmt":"2020-02-16T15:00:08","slug":"nouveau-pc-portable","status":"publish","type":"post","link":"https:\/\/www.maisse-sebastien.fr\/index.php\/nouveau-pc-portable\/","title":{"rendered":"Nouveau PC portable&#8230;"},"content":{"rendered":"\n<p>Cette semaine, j&rsquo;ai re\u00e7u, au boulot, mon nouveau PC portable \ud83d\ude42 e dernier est plut\u00f4t bien \u00e9quip\u00e9 : processeur <strong>Intel i7-9850H<\/strong> (sorti en 2019) \u00e9paul\u00e9 par <strong>32 Go <\/strong>de <strong>RAM<\/strong>, 16 Go de base + 16 Go ajout\u00e9 par mes soins. Au niveau du stockage, il y a un disque dur <strong>SSD <\/strong><a rel=\"noreferrer noopener\" aria-label=\"NVMe  (s\u2019ouvre dans un nouvel onglet)\" href=\"https:\/\/fr.wikipedia.org\/wiki\/NVM_Express\" target=\"_blank\">NVMe <\/a>de 512 Go (Western Digital) + un disque dur SSD <strong>Cruxial MX500<\/strong> de 2 To pour le stockage de <strong>VM <\/strong>\/ <strong>ISO<\/strong>. Pour la partie graphique, hormis le chipset intel int\u00e9gr\u00e9, il y a \u00e9galement, un <strong>GPU <\/strong>d\u00e9di\u00e9 \u00e0 savoir une <strong>Nvidia Quadro T2000<\/strong>. En somme, une belle b\u00eate \ud83d\ude42<\/p>\n\n\n\n<p>Vous me direz pourquoi ajouter de la RAM et un disque dur SSD suppl\u00e9mentaire par mes soins, pourquoi ne pas le faire en passant la commande aupr\u00e8s du fournisseur ? Tout simplement parce que \u00e7a peut rallonger \u00e9norm\u00e9ment les d\u00e9lais de livraison vu que l&rsquo;on aurait \u00e9t\u00e9 sur une configuration dite \u00ab\u00a0personnalis\u00e9\u00a0\u00bb. En tout cas chez <strong>HP <\/strong>\u00e7a se passe comme \u00e7a.<\/p>\n\n\n\n<figure class=\"wp-block-image size-large\"><img loading=\"lazy\" decoding=\"async\" width=\"1024\" height=\"768\" src=\"https:\/\/www.maisse-sebastien.fr\/wp-content\/uploads\/2020\/02\/pc_portable_hp_boulot.jpg\" alt=\"\" class=\"wp-image-568\" srcset=\"https:\/\/www.maisse-sebastien.fr\/wp-content\/uploads\/2020\/02\/pc_portable_hp_boulot.jpg 1024w, https:\/\/www.maisse-sebastien.fr\/wp-content\/uploads\/2020\/02\/pc_portable_hp_boulot-300x225.jpg 300w, https:\/\/www.maisse-sebastien.fr\/wp-content\/uploads\/2020\/02\/pc_portable_hp_boulot-768x576.jpg 768w, https:\/\/www.maisse-sebastien.fr\/wp-content\/uploads\/2020\/02\/pc_portable_hp_boulot-400x300.jpg 400w\" sizes=\"auto, (max-width: 1024px) 100vw, 1024px\" \/><figcaption>Ajout de la RAM + disque dur suppl\u00e9mentaire Crucial MX500 de 2 To<\/figcaption><\/figure>\n\n\n\n<p> Pour l&rsquo;ajout du disque dur suppl\u00e9mentaire, HP fourni un berceau.<\/p>\n\n\n\n<p>Comme on peut le voir sur la photo, il reste un emplacement de disponible pour ajouter une seconde barrette m\u00e9moire.<\/p>\n","protected":false},"excerpt":{"rendered":"<p>Cette semaine, j&rsquo;ai re\u00e7u, au boulot, mon nouveau PC portable \ud83d\ude42 e dernier est plut\u00f4t bien \u00e9quip\u00e9 : processeur Intel i7-9850H (sorti en 2019) \u00e9paul\u00e9 par 32 Go de RAM, 16 Go de base + 16 Go ajout\u00e9 par mes &hellip; <a href=\"https:\/\/www.maisse-sebastien.fr\/index.php\/nouveau-pc-portable\/\">Continuer la lecture <span class=\"meta-nav\">&rarr;<\/span><\/a><\/p>\n","protected":false},"author":1,"featured_media":0,"comment_status":"open","ping_status":"open","sticky":false,"template":"","format":"standard","meta":{"ngg_post_thumbnail":0,"two_page_speed":[],"footnotes":""},"categories":[129],"tags":[261,179,259,260,171,257,258,6,8],"class_list":["post-567","post","type-post","status-publish","format-standard","hentry","category-materiel","tag-au-boulot","tag-disque-dur","tag-gpu","tag-nvme","tag-pc-portable","tag-processeur","tag-ram","tag-ssd","tag-stockage"],"_links":{"self":[{"href":"https:\/\/www.maisse-sebastien.fr\/index.php\/wp-json\/wp\/v2\/posts\/567","targetHints":{"allow":["GET"]}}],"collection":[{"href":"https:\/\/www.maisse-sebastien.fr\/index.php\/wp-json\/wp\/v2\/posts"}],"about":[{"href":"https:\/\/www.maisse-sebastien.fr\/index.php\/wp-json\/wp\/v2\/types\/post"}],"author":[{"embeddable":true,"href":"https:\/\/www.maisse-sebastien.fr\/index.php\/wp-json\/wp\/v2\/users\/1"}],"replies":[{"embeddable":true,"href":"https:\/\/www.maisse-sebastien.fr\/index.php\/wp-json\/wp\/v2\/comments?post=567"}],"version-history":[{"count":3,"href":"https:\/\/www.maisse-sebastien.fr\/index.php\/wp-json\/wp\/v2\/posts\/567\/revisions"}],"predecessor-version":[{"id":571,"href":"https:\/\/www.maisse-sebastien.fr\/index.php\/wp-json\/wp\/v2\/posts\/567\/revisions\/571"}],"wp:attachment":[{"href":"https:\/\/www.maisse-sebastien.fr\/index.php\/wp-json\/wp\/v2\/media?parent=567"}],"wp:term":[{"taxonomy":"category","embeddable":true,"href":"https:\/\/www.maisse-sebastien.fr\/index.php\/wp-json\/wp\/v2\/categories?post=567"},{"taxonomy":"post_tag","embeddable":true,"href":"https:\/\/www.maisse-sebastien.fr\/index.php\/wp-json\/wp\/v2\/tags?post=567"}],"curies":[{"name":"wp","href":"https:\/\/api.w.org\/{rel}","templated":true}]}}