{"id":437,"date":"2019-03-16T12:03:27","date_gmt":"2019-03-16T11:03:27","guid":{"rendered":"http:\/\/labo.sebipic.fr\/?p=437"},"modified":"2019-03-16T12:58:30","modified_gmt":"2019-03-16T11:58:30","slug":"fibre-chez-bouygues-telecom","status":"publish","type":"post","link":"https:\/\/www.maisse-sebastien.fr\/index.php\/fibre-chez-bouygues-telecom\/","title":{"rendered":"Fibre chez Bouygues Telecom"},"content":{"rendered":"\n<p>Cela fait quelques temps \u00e0 pr\u00e9sent, que je migr\u00e9 la fibre de Sosh \u00e0 mon op\u00e9rateur ADSL \u00e0 savoir Bouygues T\u00e9l\u00e9com. L&rsquo;installation de la fibre en elle m\u00eame c&rsquo;est super bien pass\u00e9, les techniciens qui \u00e9tait venus avait fait un boulot propre \ud83d\ude42 De nos jours c&rsquo;est rare pour le signaler, surtout quand je vois le travail effectu\u00e9 par un sous traitant Orange chez une voisine de pallier&#8230; \ud83d\ude41 <\/p>\n\n\n\n<p>La fibre BT fonctionne bien, le d\u00e9bit est l\u00e0 \ud83d\ude42 Ceci a permis de mettre en place des petits projets \u00e0 la maison \ud83d\ude42<br><\/p>\n","protected":false},"excerpt":{"rendered":"<p>Cela fait quelques temps \u00e0 pr\u00e9sent, que je migr\u00e9 la fibre de Sosh \u00e0 mon op\u00e9rateur ADSL \u00e0 savoir Bouygues T\u00e9l\u00e9com. L&rsquo;installation de la fibre en elle m\u00eame c&rsquo;est super bien pass\u00e9, les techniciens qui \u00e9tait venus avait fait un &hellip; <a href=\"https:\/\/www.maisse-sebastien.fr\/index.php\/fibre-chez-bouygues-telecom\/\">Continuer la lecture <span class=\"meta-nav\">&rarr;<\/span><\/a><\/p>\n","protected":false},"author":1,"featured_media":0,"comment_status":"open","ping_status":"open","sticky":false,"template":"","format":"standard","meta":{"ngg_post_thumbnail":0,"two_page_speed":[],"footnotes":""},"categories":[3],"tags":[206,205,194,7,207,202],"class_list":["post-437","post","type-post","status-publish","format-standard","hentry","category-informatique","tag-acces-internet","tag-bouygues-telecom","tag-fibre","tag-informatique-2","tag-intervention","tag-technique"],"_links":{"self":[{"href":"https:\/\/www.maisse-sebastien.fr\/index.php\/wp-json\/wp\/v2\/posts\/437","targetHints":{"allow":["GET"]}}],"collection":[{"href":"https:\/\/www.maisse-sebastien.fr\/index.php\/wp-json\/wp\/v2\/posts"}],"about":[{"href":"https:\/\/www.maisse-sebastien.fr\/index.php\/wp-json\/wp\/v2\/types\/post"}],"author":[{"embeddable":true,"href":"https:\/\/www.maisse-sebastien.fr\/index.php\/wp-json\/wp\/v2\/users\/1"}],"replies":[{"embeddable":true,"href":"https:\/\/www.maisse-sebastien.fr\/index.php\/wp-json\/wp\/v2\/comments?post=437"}],"version-history":[{"count":2,"href":"https:\/\/www.maisse-sebastien.fr\/index.php\/wp-json\/wp\/v2\/posts\/437\/revisions"}],"predecessor-version":[{"id":447,"href":"https:\/\/www.maisse-sebastien.fr\/index.php\/wp-json\/wp\/v2\/posts\/437\/revisions\/447"}],"wp:attachment":[{"href":"https:\/\/www.maisse-sebastien.fr\/index.php\/wp-json\/wp\/v2\/media?parent=437"}],"wp:term":[{"taxonomy":"category","embeddable":true,"href":"https:\/\/www.maisse-sebastien.fr\/index.php\/wp-json\/wp\/v2\/categories?post=437"},{"taxonomy":"post_tag","embeddable":true,"href":"https:\/\/www.maisse-sebastien.fr\/index.php\/wp-json\/wp\/v2\/tags?post=437"}],"curies":[{"name":"wp","href":"https:\/\/api.w.org\/{rel}","templated":true}]}}