{"id":230,"date":"2014-04-25T00:41:17","date_gmt":"2014-04-24T22:41:17","guid":{"rendered":"http:\/\/labo.sebipic.fr\/?p=230"},"modified":"2014-04-25T00:48:26","modified_gmt":"2014-04-24T22:48:26","slug":"migration-de-reseau-chez-online","status":"publish","type":"post","link":"https:\/\/www.maisse-sebastien.fr\/index.php\/migration-de-reseau-chez-online\/","title":{"rendered":"Migration de r\u00e9seau chez Online"},"content":{"rendered":"<p>Online (Dedibox) est en cours de migration de leur r\u00e9seau, comme on pouvait le lire dans l&rsquo;e-mail re\u00e7u en d\u00e9but de semaine (le 22 avril) et comme on peut le lire \u00e0 l&rsquo;url suivante :<\/p>\n<p><a title=\"Migration sur le nouveau r\u00e9seau\" href=\"http:\/\/documentation.online.net\/fr\/serveur-dedie\/tutoriel\/migration-network%20\">http:\/\/documentation.online.net\/fr\/serveur-dedie\/tutoriel\/migration-network <\/a><\/p>\n<p>Ceci \u00e9tant, la documentation a \u00e9t\u00e9 r\u00e9dig\u00e9 de mani\u00e8re correcte et une cellule technique d\u00e9di\u00e9e \u00e0 la migration est propos\u00e9e aux clients.<\/p>\n<p><a title=\"Documentat migration r\u00e9seau sur le serveur\" href=\"http:\/\/documentation.online.net\/fr\/serveur-dedie\/tutoriel\/migration-network\/serveur\">http:\/\/documentation.online.net\/fr\/serveur-dedie\/tutoriel\/migration-network\/serveur<\/a><\/p>\n<p>Par ailleurs, Il a \u00e9t\u00e9 fait diff\u00e9rentes proc\u00e9dures selon l&rsquo;os sont disponibles sur la documentation.<\/p>\n<div id=\"attachment_232\" style=\"width: 172px\" class=\"wp-caption alignleft\"><a href=\"http:\/\/labo.sebipic.fr\/wp-content\/uploads\/2014\/04\/logo_online.png\"><img loading=\"lazy\" decoding=\"async\" aria-describedby=\"caption-attachment-232\" class=\"wp-image-232 size-full\" src=\"http:\/\/labo.sebipic.fr\/wp-content\/uploads\/2014\/04\/logo_online.png\" alt=\"Logo Online\" width=\"162\" height=\"58\" \/><\/a><p id=\"caption-attachment-232\" class=\"wp-caption-text\">Logo Online<\/p><\/div>\n","protected":false},"excerpt":{"rendered":"<p>Online (Dedibox) est en cours de migration de leur r\u00e9seau, comme on pouvait le lire dans l&rsquo;e-mail re\u00e7u en d\u00e9but de semaine (le 22 avril) et comme on peut le lire \u00e0 l&rsquo;url suivante : http:\/\/documentation.online.net\/fr\/serveur-dedie\/tutoriel\/migration-network Ceci \u00e9tant, la documentation &hellip; <a href=\"https:\/\/www.maisse-sebastien.fr\/index.php\/migration-de-reseau-chez-online\/\">Continuer la lecture <span class=\"meta-nav\">&rarr;<\/span><\/a><\/p>\n","protected":false},"author":1,"featured_media":0,"comment_status":"open","ping_status":"open","sticky":false,"template":"","format":"standard","meta":{"ngg_post_thumbnail":0,"two_page_speed":[],"footnotes":""},"categories":[3],"tags":[22,128,126,119,127,125,20],"class_list":["post-230","post","type-post","status-publish","format-standard","hentry","category-informatique","tag-administration","tag-dedibox","tag-documentation","tag-migration","tag-online","tag-reseau","tag-serveur"],"_links":{"self":[{"href":"https:\/\/www.maisse-sebastien.fr\/index.php\/wp-json\/wp\/v2\/posts\/230","targetHints":{"allow":["GET"]}}],"collection":[{"href":"https:\/\/www.maisse-sebastien.fr\/index.php\/wp-json\/wp\/v2\/posts"}],"about":[{"href":"https:\/\/www.maisse-sebastien.fr\/index.php\/wp-json\/wp\/v2\/types\/post"}],"author":[{"embeddable":true,"href":"https:\/\/www.maisse-sebastien.fr\/index.php\/wp-json\/wp\/v2\/users\/1"}],"replies":[{"embeddable":true,"href":"https:\/\/www.maisse-sebastien.fr\/index.php\/wp-json\/wp\/v2\/comments?post=230"}],"version-history":[{"count":3,"href":"https:\/\/www.maisse-sebastien.fr\/index.php\/wp-json\/wp\/v2\/posts\/230\/revisions"}],"predecessor-version":[{"id":234,"href":"https:\/\/www.maisse-sebastien.fr\/index.php\/wp-json\/wp\/v2\/posts\/230\/revisions\/234"}],"wp:attachment":[{"href":"https:\/\/www.maisse-sebastien.fr\/index.php\/wp-json\/wp\/v2\/media?parent=230"}],"wp:term":[{"taxonomy":"category","embeddable":true,"href":"https:\/\/www.maisse-sebastien.fr\/index.php\/wp-json\/wp\/v2\/categories?post=230"},{"taxonomy":"post_tag","embeddable":true,"href":"https:\/\/www.maisse-sebastien.fr\/index.php\/wp-json\/wp\/v2\/tags?post=230"}],"curies":[{"name":"wp","href":"https:\/\/api.w.org\/{rel}","templated":true}]}}